{"id":716,"date":"2012-07-31T09:18:37","date_gmt":"2012-07-31T08:18:37","guid":{"rendered":"https:\/\/www.gadermeier.at\/cms\/?p=716"},"modified":"2022-02-07T16:08:40","modified_gmt":"2022-02-07T15:08:40","slug":"beleuchtungstausch-fa-wozabal-in-budweis-tschechien-2012","status":"publish","type":"post","link":"https:\/\/www.gadermeier.at\/cms\/beleuchtungstausch-fa-wozabal-in-budweis-tschechien-2012\/","title":{"rendered":"BELEUCHTUNGSTAUSCH FA. WOZABAL IN BUDWEIS (Tschechien) | 2012"},"content":{"rendered":"<p><!--more--><\/p>\n<div class=\"columns separated\"><ul>\n<li class=\"col-1-2\">\n<p><em>&#8222;Hallo Herr Friedl (zust\u00e4ndig f\u00fcr das Qualit\u00e4tsmanagement der Firma Wozabal),<\/em><br \/>\n<em>\u2026zeigt mir, dass wir mit Gadermeier sehr gut aufgestellt sind. Ehrlich gesagt,ich bin von der Gadermeiertruppe begeistert, was die mir in Budweis in k\u00fcrzester Zeit f\u00fcr super Beleuchtung hingezaubert haben, einfach nur lobenswert.&#8220;<\/em><\/p>\n<p><em>L.g Leutgeb Herbert (Niederlassungsleiter Budweis)<\/em><\/p>\n<\/li>\n<li class=\"col-1-2\">\n<figure id=\"attachment_705\" class=\"aligncenter\" style=\"width: 300px;\"><a class=\"zoom-hover fb\" data-fancybox-group=\"post-716\" data-fancybox-title=\"\" href=\"https:\/\/www.gadermeier.at\/cms\/wp-content\/uploads\/2018\/07\/wozabal.jpg\"><img loading=\"lazy\" decoding=\"async\" class=\" wp-image-705 size-medium\" src=\"https:\/\/www.gadermeier.at\/cms\/wp-content\/uploads\/2018\/07\/wozabal-300x225.jpg\" alt=\"\" width=\"300\" height=\"225\" srcset=\"https:\/\/www.gadermeier.at\/cms\/wp-content\/uploads\/2018\/07\/wozabal-300x225.jpg 300w, https:\/\/www.gadermeier.at\/cms\/wp-content\/uploads\/2018\/07\/wozabal-768x576.jpg 768w, https:\/\/www.gadermeier.at\/cms\/wp-content\/uploads\/2018\/07\/wozabal-80x60.jpg 80w, https:\/\/www.gadermeier.at\/cms\/wp-content\/uploads\/2018\/07\/wozabal-56x42.jpg 56w, https:\/\/www.gadermeier.at\/cms\/wp-content\/uploads\/2018\/07\/wozabal-535x401.jpg 535w, https:\/\/www.gadermeier.at\/cms\/wp-content\/uploads\/2018\/07\/wozabal-350x263.jpg 350w, https:\/\/www.gadermeier.at\/cms\/wp-content\/uploads\/2018\/07\/wozabal-258x194.jpg 258w, https:\/\/www.gadermeier.at\/cms\/wp-content\/uploads\/2018\/07\/wozabal-112x84.jpg 112w, https:\/\/www.gadermeier.at\/cms\/wp-content\/uploads\/2018\/07\/wozabal.jpg 800w\" sizes=\"auto, (max-width: 300px) 100vw, 300px\" \/><\/a><\/figure>\n<\/li>\n<\/ul><\/div>\n<p>Im Betrieb in Budweis wurde in der Produktionshalle die alte, konventionelle Beleuchtung auf eine neue tageslichtabh\u00e4ngige Beleuchtung getauscht! Es wurde nicht nur durch weniger Leuchten und geringere Anschlussleistungen der Leuchten die Energiekosten gesenkt, sondern die Beleuchtungsst\u00e4rke auch noch erh\u00f6ht! Durch den Einsatz von dimmbaren Leuchten, welche sich durch die Tageslichtanteile der gro\u00dfen Glasfl\u00e4chen auch noch \u00fcber EIB\/KNX regulieren, werden die Betriebskosten nochmals erheblich gesenkt!<\/p>\n<table style=\"height: 50px;\" width=\"550\" cellspacing=\"0\" cellpadding=\"0\" border=\"0\">\n<tbody>\n<tr>\n<td class=\"boldblack\" width=\"200\" valign=\"top\">Projektleiter:<\/td>\n<td class=\"text\" width=\"200\" valign=\"top\">Thomas Hohensinn<\/td>\n<\/tr>\n<tr>\n<td class=\"boldblack\" width=\"200\" valign=\"top\">Leitender Monteur:<\/td>\n<td class=\"text\" width=\"200\" valign=\"top\">Flatscher Konrad<\/td>\n<\/tr>\n<\/tbody>\n<\/table>\n","protected":false},"excerpt":{"rendered":"","protected":false},"author":1,"featured_media":705,"comment_status":"open","ping_status":"open","sticky":false,"template":"","format":"standard","meta":{"footnotes":""},"categories":[1],"tags":[],"class_list":["post-716","post","type-post","status-publish","format-standard","has-post-thumbnail","hentry","category-uncategorized"],"_links":{"self":[{"href":"https:\/\/www.gadermeier.at\/cms\/wp-json\/wp\/v2\/posts\/716","targetHints":{"allow":["GET"]}}],"collection":[{"href":"https:\/\/www.gadermeier.at\/cms\/wp-json\/wp\/v2\/posts"}],"about":[{"href":"https:\/\/www.gadermeier.at\/cms\/wp-json\/wp\/v2\/types\/post"}],"author":[{"embeddable":true,"href":"https:\/\/www.gadermeier.at\/cms\/wp-json\/wp\/v2\/users\/1"}],"replies":[{"embeddable":true,"href":"https:\/\/www.gadermeier.at\/cms\/wp-json\/wp\/v2\/comments?post=716"}],"version-history":[{"count":10,"href":"https:\/\/www.gadermeier.at\/cms\/wp-json\/wp\/v2\/posts\/716\/revisions"}],"predecessor-version":[{"id":1514,"href":"https:\/\/www.gadermeier.at\/cms\/wp-json\/wp\/v2\/posts\/716\/revisions\/1514"}],"wp:featuredmedia":[{"embeddable":true,"href":"https:\/\/www.gadermeier.at\/cms\/wp-json\/wp\/v2\/media\/705"}],"wp:attachment":[{"href":"https:\/\/www.gadermeier.at\/cms\/wp-json\/wp\/v2\/media?parent=716"}],"wp:term":[{"taxonomy":"category","embeddable":true,"href":"https:\/\/www.gadermeier.at\/cms\/wp-json\/wp\/v2\/categories?post=716"},{"taxonomy":"post_tag","embeddable":true,"href":"https:\/\/www.gadermeier.at\/cms\/wp-json\/wp\/v2\/tags?post=716"}],"curies":[{"name":"wp","href":"https:\/\/api.w.org\/{rel}","templated":true}]}}