{"id":486,"date":"2013-07-30T13:27:42","date_gmt":"2013-07-30T12:27:42","guid":{"rendered":"https:\/\/www.gadermeier.at\/cms\/?p=486"},"modified":"2022-02-07T16:08:40","modified_gmt":"2022-02-07T15:08:40","slug":"fertigstellung-cafe-baeckerei-heinzl-in-friedburg","status":"publish","type":"post","link":"https:\/\/www.gadermeier.at\/cms\/fertigstellung-cafe-baeckerei-heinzl-in-friedburg\/","title":{"rendered":"FERTIGSTELLUNG CAFE B\u00c4CKEREI HEINZL in Friedburg"},"content":{"rendered":"<p><!--more--><\/p>\n<div class=\"columns separated\"><ul>\n<li class=\"col-1-2\">\n<table style=\"height: 125px;\" width=\"550\" cellspacing=\"0\" cellpadding=\"0\" border=\"0\">\n<tbody>\n<tr>\n<td class=\"boldblack\" width=\"200\" valign=\"top\">Bauherr:<\/td>\n<td class=\"text\" width=\"200\" valign=\"top\">Franz Heinzl<\/td>\n<\/tr>\n<tr>\n<td class=\"boldblack\" width=\"200\" valign=\"top\">Projektleiter:<\/td>\n<td class=\"text\" width=\"200\" valign=\"top\">Hohensinn Thomas<\/td>\n<\/tr>\n<tr>\n<td class=\"boldblack\" width=\"200\" valign=\"top\">Leitender Monteur:<\/td>\n<td class=\"text\" width=\"200\" valign=\"top\">Schrattenecker Benjamin<\/td>\n<\/tr>\n<tr>\n<td class=\"boldblack\" width=\"200\" valign=\"top\">KNX\/EIB und CAD:<\/td>\n<td class=\"text\" width=\"200\" valign=\"top\">Mayer Andreas<\/td>\n<\/tr>\n<tr>\n<td class=\"boldblack\" width=\"200\" valign=\"top\">Verteilerbau:<\/td>\n<td class=\"text\" width=\"200\" valign=\"top\">Kallinger Roland<\/td>\n<\/tr>\n<\/tbody>\n<\/table>\n<p><span class=\"boldblack\">Leistungen:<\/span><\/p>\n<ul>\n<li>gesamte Elektroinstallation<\/li>\n<li>Hauptverteileranlage<\/li>\n<li>KNX\/EIB Bus-System<\/li>\n<li>Beleuchtung \u00fcber Dali dimmbar<\/li>\n<li>Fluchtwegs- und Sicherheitsbeleuchtung<\/li>\n<li>EDV-Datenverkabelung<\/li>\n<li>Blitzschutz<\/li>\n<li>Verkabelung Haustechnik (L\u00fcftungsanlage, RWA-Anlage und W\u00e4rmer\u00fcckgewinnung)<\/li>\n<\/ul>\n<p>Die B\u00e4ckerei Heinzl baute einen neu Produktionsbetrieb welcher dem neuesten Stand der Technik im Bereich des B\u00e4ckerhandwerks entspricht! Der gesamte Betrieb wird \u00fcber KNX\/EIB gesteuert, die Beleuchtung in der Produktion wird \u00fcber dimmbare DALI Leuchten tageslichtabh\u00e4ngig gesteuert!<\/p>\n<\/li>\n<li class=\"col-1-2\">\n<figure id=\"attachment_487\" class=\"aligncenter\" style=\"width: 219px;\">\n<div class=\"\"><img loading=\"lazy\" decoding=\"async\" class=\"size-full wp-image-487 \" src=\"https:\/\/www.gadermeier.at\/cms\/wp-content\/uploads\/2018\/07\/thumb_hainzl_1.jpg\" alt=\"\" width=\"219\" height=\"150\" srcset=\"https:\/\/www.gadermeier.at\/cms\/wp-content\/uploads\/2018\/07\/thumb_hainzl_1.jpg 219w, https:\/\/www.gadermeier.at\/cms\/wp-content\/uploads\/2018\/07\/thumb_hainzl_1-88x60.jpg 88w, https:\/\/www.gadermeier.at\/cms\/wp-content\/uploads\/2018\/07\/thumb_hainzl_1-56x38.jpg 56w, https:\/\/www.gadermeier.at\/cms\/wp-content\/uploads\/2018\/07\/thumb_hainzl_1-112x77.jpg 112w\" sizes=\"auto, (max-width: 219px) 100vw, 219px\" \/><\/div>\n<\/figure>\n<figure id=\"attachment_488\" class=\"aligncenter\" style=\"width: 219px;\">\n<div class=\"\"><img loading=\"lazy\" decoding=\"async\" class=\"size-full wp-image-488 \" src=\"https:\/\/www.gadermeier.at\/cms\/wp-content\/uploads\/2018\/07\/thumb_hainzl_2.jpg\" alt=\"\" width=\"219\" height=\"150\" srcset=\"https:\/\/www.gadermeier.at\/cms\/wp-content\/uploads\/2018\/07\/thumb_hainzl_2.jpg 219w, https:\/\/www.gadermeier.at\/cms\/wp-content\/uploads\/2018\/07\/thumb_hainzl_2-88x60.jpg 88w, https:\/\/www.gadermeier.at\/cms\/wp-content\/uploads\/2018\/07\/thumb_hainzl_2-56x38.jpg 56w, https:\/\/www.gadermeier.at\/cms\/wp-content\/uploads\/2018\/07\/thumb_hainzl_2-112x77.jpg 112w\" sizes=\"auto, (max-width: 219px) 100vw, 219px\" \/><\/div>\n<\/figure>\n<\/li>\n<\/ul><\/div>\n","protected":false},"excerpt":{"rendered":"","protected":false},"author":1,"featured_media":487,"comment_status":"open","ping_status":"open","sticky":false,"template":"","format":"standard","meta":{"footnotes":""},"categories":[1],"tags":[],"class_list":["post-486","post","type-post","status-publish","format-standard","has-post-thumbnail","hentry","category-uncategorized"],"_links":{"self":[{"href":"https:\/\/www.gadermeier.at\/cms\/wp-json\/wp\/v2\/posts\/486","targetHints":{"allow":["GET"]}}],"collection":[{"href":"https:\/\/www.gadermeier.at\/cms\/wp-json\/wp\/v2\/posts"}],"about":[{"href":"https:\/\/www.gadermeier.at\/cms\/wp-json\/wp\/v2\/types\/post"}],"author":[{"embeddable":true,"href":"https:\/\/www.gadermeier.at\/cms\/wp-json\/wp\/v2\/users\/1"}],"replies":[{"embeddable":true,"href":"https:\/\/www.gadermeier.at\/cms\/wp-json\/wp\/v2\/comments?post=486"}],"version-history":[{"count":4,"href":"https:\/\/www.gadermeier.at\/cms\/wp-json\/wp\/v2\/posts\/486\/revisions"}],"predecessor-version":[{"id":1518,"href":"https:\/\/www.gadermeier.at\/cms\/wp-json\/wp\/v2\/posts\/486\/revisions\/1518"}],"wp:featuredmedia":[{"embeddable":true,"href":"https:\/\/www.gadermeier.at\/cms\/wp-json\/wp\/v2\/media\/487"}],"wp:attachment":[{"href":"https:\/\/www.gadermeier.at\/cms\/wp-json\/wp\/v2\/media?parent=486"}],"wp:term":[{"taxonomy":"category","embeddable":true,"href":"https:\/\/www.gadermeier.at\/cms\/wp-json\/wp\/v2\/categories?post=486"},{"taxonomy":"post_tag","embeddable":true,"href":"https:\/\/www.gadermeier.at\/cms\/wp-json\/wp\/v2\/tags?post=486"}],"curies":[{"name":"wp","href":"https:\/\/api.w.org\/{rel}","templated":true}]}}